{"id":2702,"date":"2017-09-23T16:43:46","date_gmt":"2017-09-23T14:43:46","guid":{"rendered":"http:\/\/www.pharmathek.com\/?p=2702"},"modified":"2018-07-30T10:09:49","modified_gmt":"2018-07-30T08:09:49","slug":"la-presse-en-parle","status":"publish","type":"post","link":"https:\/\/www.pharmathek.com\/fr\/la-presse-en-parle\/","title":{"rendered":"La Presse en parle"},"content":{"rendered":"<div class=\"wpb-content-wrapper\"><p>[vc_row][vc_column]<div id=\"ultimate-heading-135669f5646c32056\" class=\"uvc-heading ult-adjust-bottom-margin ultimate-heading-135669f5646c32056 uvc-9178  uvc-heading-default-font-sizes\" data-hspacer=\"no_spacer\"  data-halign=\"left\" style=\"text-align:left\"><div class=\"uvc-heading-spacer no_spacer\" style=\"top\"><\/div><div class=\"uvc-main-heading ult-responsive\"  data-ultimate-target='.uvc-heading.ultimate-heading-135669f5646c32056 h2'  data-responsive-json-new='{\"font-size\":\"\",\"line-height\":\"\"}' ><h2 style=\"font-family:&#039;Cantata One&#039;;--font-weight:theme;\">Infor.Mate+ a Cosmofarma<\/h2><\/div><\/div>[vc_empty_space][vc_column_text]Nous sommes pr\u00e9sents dans la presse pharmaceutique.<\/p>\n<p>Le <i>Quotidien du Pharmacien<\/i><\/p>\n<p><i>l\u2019Entreprise Officinale<\/i><\/p>\n<p><i>Profession Pharmacien<\/i><\/p>\n<p>le <i>Moniteur des Pharmacies<\/i><\/p>\n<p>\u2026<\/p>\n<p>Nous\u00a0interrogent r\u00e9guli\u00e8rement sur nos nouveaut\u00e9s, nos nouvelles installations, notre vision de la pharmacie contemporaine, la relation client au comptoir\u2026<\/p>\n<p>Les journalistes nous ont fait confiance et ont recueillis notre t\u00e9moignage sur autant de sujets indispensables pour d\u00e9velopper la rentabilit\u00e9 de sa pharmacie.<\/p>\n<p><a href=\"https:\/\/www.thkohl.fr\/wp-content\/uploads\/2017\/10\/La-presse-en-parle-2017.pdf\" target=\"_blank\" rel=\"noopener\">La presse en parle<\/a>[\/vc_column_text][vc_empty_space][vc_btn title=\u00a0\u00bbRetour aux nouvelles\u00a0\u00bb style=\u00a0\u00bbflat\u00a0\u00bb shape=\u00a0\u00bbsquare\u00a0\u00bb color=\u00a0\u00bbwhite\u00a0\u00bb align=\u00a0\u00bbleft\u00a0\u00bb i_icon_fontawesome=\u00a0\u00bbfa fa-angle-right\u00a0\u00bb add_icon=\u00a0\u00bbtrue\u00a0\u00bb link=\u00a0\u00bburl:%2Ffr%2Fnews%2F|||\u00a0\u00bb el_class=\u00a0\u00bbread-more-realizzazioni\u00a0\u00bb css=\u00a0\u00bb.vc_custom_1532504787921{margin-left: 0px !important;padding-left: 0px !important;}\u00a0\u00bb][\/vc_column][\/vc_row]<\/p>\n<\/div>","protected":false},"excerpt":{"rendered":"<p>A l&rsquo;occasion du salon Cosmofarma de Bologne, qui s&rsquo;est d\u00e9roul\u00e9 du 15 au 17 avril, Th.Kohl et Pharmathek ont pr\u00e9sent\u00e9 leurs derni\u00e8res nouveaut\u00e9s en therme de mobilier et de robotisation.<\/p>\n","protected":false},"author":1,"featured_media":2703,"comment_status":"closed","ping_status":"closed","sticky":false,"template":"","format":"standard","meta":{"inline_featured_image":false,"footnotes":""},"categories":[48],"tags":[],"class_list":["post-2702","post","type-post","status-publish","format-standard","has-post-thumbnail","hentry","category-nouveautes","category-48","description-off"],"_links":{"self":[{"href":"https:\/\/www.pharmathek.com\/fr\/wp-json\/wp\/v2\/posts\/2702","targetHints":{"allow":["GET"]}}],"collection":[{"href":"https:\/\/www.pharmathek.com\/fr\/wp-json\/wp\/v2\/posts"}],"about":[{"href":"https:\/\/www.pharmathek.com\/fr\/wp-json\/wp\/v2\/types\/post"}],"author":[{"embeddable":true,"href":"https:\/\/www.pharmathek.com\/fr\/wp-json\/wp\/v2\/users\/1"}],"replies":[{"embeddable":true,"href":"https:\/\/www.pharmathek.com\/fr\/wp-json\/wp\/v2\/comments?post=2702"}],"version-history":[{"count":7,"href":"https:\/\/www.pharmathek.com\/fr\/wp-json\/wp\/v2\/posts\/2702\/revisions"}],"predecessor-version":[{"id":4234,"href":"https:\/\/www.pharmathek.com\/fr\/wp-json\/wp\/v2\/posts\/2702\/revisions\/4234"}],"wp:featuredmedia":[{"embeddable":true,"href":"https:\/\/www.pharmathek.com\/fr\/wp-json\/wp\/v2\/media\/2703"}],"wp:attachment":[{"href":"https:\/\/www.pharmathek.com\/fr\/wp-json\/wp\/v2\/media?parent=2702"}],"wp:term":[{"taxonomy":"category","embeddable":true,"href":"https:\/\/www.pharmathek.com\/fr\/wp-json\/wp\/v2\/categories?post=2702"},{"taxonomy":"post_tag","embeddable":true,"href":"https:\/\/www.pharmathek.com\/fr\/wp-json\/wp\/v2\/tags?post=2702"}],"curies":[{"name":"wp","href":"https:\/\/api.w.org\/{rel}","templated":true}]}}