{"id":40020,"date":"2023-06-12T09:32:22","date_gmt":"2023-06-12T07:32:22","guid":{"rendered":"https:\/\/www.pharmathek.com\/?p=40020"},"modified":"2023-06-28T12:20:10","modified_gmt":"2023-06-28T10:20:10","slug":"congres-national-des-pharmaciens-montpellier","status":"publish","type":"post","link":"https:\/\/www.pharmathek.com\/fr\/congres-national-des-pharmaciens-montpellier\/","title":{"rendered":"Pharmathek au Congr\u00e8s National des Pharmaciens 2023"},"content":{"rendered":"<div class=\"wpb-content-wrapper\"><p>[vc_row][vc_column]<div id=\"ultimate-heading-312069f56498ae032\" class=\"uvc-heading ult-adjust-bottom-margin ultimate-heading-312069f56498ae032 uvc-1819  uvc-heading-default-font-sizes\" data-hspacer=\"no_spacer\"  data-halign=\"left\" style=\"text-align:left\"><div class=\"uvc-heading-spacer no_spacer\" style=\"top\"><\/div><div class=\"uvc-main-heading ult-responsive\"  data-ultimate-target='.uvc-heading.ultimate-heading-312069f56498ae032 h2'  data-responsive-json-new='{\"font-size\":\"\",\"line-height\":\"\"}' ><h2 style=\"font-family:&#039;Cantata One&#039;;--font-weight:theme;\">Pharmathek au Congr\u00e8s National des Pharmaciens 2023<\/h2><\/div><\/div>[vc_empty_space height=\u00a0\u00bb30 px\u00a0\u00bb][vc_column_text]L\u2019\u00e9quipe Pharmathek France \u00e9tait pr\u00e9sente les 10 et 11 juin au Congr\u00e8s National des Pharmaciens (CNP) \u00e0 Montpellier dans le cadre prestigieux de la Sud de France Arena.<\/p>\n<p>Cet \u00e9v\u00e9nement incontournable de l&rsquo;industrie pharmaceutique a \u00e9t\u00e9 organis\u00e9 par la <em>FSPF<\/em> (F\u00e9d\u00e9ration des syndicats pharmaceutiques de France), <em>Le Pharmacien de France<\/em> et <em>Vox Pharma<\/em>.<\/p>\n<p>Durant ces deux journ\u00e9es enrichissantes, nous avons eu le plaisir d\u2019accueillir des visitateurs enthousiastes sur notre stand avec des \u00e9changes passionnants.<\/p>\n<p>Notre stand \u00e9tait \u00e9quip\u00e9 d\u2019un Euclid3D (le seul bras avec un stockage temporaire) qui se mariait parfaitement avec les couleurs du stand (est-ce un hasard ? \ud83e\udd2d).<\/p>\n<h2><\/h2>\n<p>&nbsp;<\/p>\n<h4>Un retour en images lors de notre participation au CNP\u202f:<\/h4>\n<p>[\/vc_column_text][vc_empty_space height=\u00a0\u00bb42px\u00a0\u00bb][vc_media_grid grid_id=\u00a0\u00bbvc_gid:1687947437047-5d3a5d7f-b3e2-0&Prime; include=\u00a0\u00bb40037,40044,40051,40058,40065,40072&Prime;][vc_empty_space height=\u00a0\u00bb50px\u00a0\u00bb][vc_empty_space height=\u00a0\u00bb50px\u00a0\u00bb][vc_separator][vc_empty_space height=\u00a0\u00bb42px\u00a0\u00bb][vc_column_text]Si vous avez des questions ou souhaitez plus d\u2019informations sur les robots Pharmathek, n\u2019h\u00e9sitez pas \u00e0 nous <a href=\"https:\/\/www.pharmathek.com\/fr\/contacts\/\">contacter<\/a>. Nous serons heureux de vous donner toutes les informations dont vous avez besoin.[\/vc_column_text][vc_empty_space height=\u00a0\u00bb42px\u00a0\u00bb][vc_btn title=\u00a0\u00bbLes derni\u00e8res nouveaut\u00e9s dans le monde Pharmathek\u00a0\u00bb style=\u00a0\u00bbflat\u00a0\u00bb shape=\u00a0\u00bbsquare\u00a0\u00bb color=\u00a0\u00bbwhite\u00a0\u00bb align=\u00a0\u00bbleft\u00a0\u00bb i_icon_fontawesome=\u00a0\u00bb\u00a0\u00bb add_icon=\u00a0\u00bbtrue\u00a0\u00bb link=\u00a0\u00bburl:https%3A%2F%2Fwww.pharmathek.com%2Ffr%2Fnews%2F\u00a0\u00bb el_class=\u00a0\u00bbread-more-realizzazioni\u00a0\u00bb css=\u00a0\u00bb.vc_custom_1676382203468{margin-left: 0px !important;padding-left: 0px !important;}\u00a0\u00bb][\/vc_column][\/vc_row][vc_row][vc_column][\/vc_column][\/vc_row][vc_row][vc_column][\/vc_column][\/vc_row][vc_row][vc_column][\/vc_column][\/vc_row]<\/p>\n<\/div>","protected":false},"excerpt":{"rendered":"<p>L\u2019\u00e9quipe Pharmathek France \u00e9tait pr\u00e9sente les 10 et 11 juin au Congr\u00e8s National des Pharmaciens &#8230;<\/p>\n","protected":false},"author":3,"featured_media":40029,"comment_status":"closed","ping_status":"closed","sticky":false,"template":"","format":"standard","meta":{"inline_featured_image":false,"footnotes":""},"categories":[48],"tags":[],"class_list":["post-40020","post","type-post","status-publish","format-standard","has-post-thumbnail","hentry","category-nouveautes","category-48","description-off"],"_links":{"self":[{"href":"https:\/\/www.pharmathek.com\/fr\/wp-json\/wp\/v2\/posts\/40020","targetHints":{"allow":["GET"]}}],"collection":[{"href":"https:\/\/www.pharmathek.com\/fr\/wp-json\/wp\/v2\/posts"}],"about":[{"href":"https:\/\/www.pharmathek.com\/fr\/wp-json\/wp\/v2\/types\/post"}],"author":[{"embeddable":true,"href":"https:\/\/www.pharmathek.com\/fr\/wp-json\/wp\/v2\/users\/3"}],"replies":[{"embeddable":true,"href":"https:\/\/www.pharmathek.com\/fr\/wp-json\/wp\/v2\/comments?post=40020"}],"version-history":[{"count":5,"href":"https:\/\/www.pharmathek.com\/fr\/wp-json\/wp\/v2\/posts\/40020\/revisions"}],"predecessor-version":[{"id":40082,"href":"https:\/\/www.pharmathek.com\/fr\/wp-json\/wp\/v2\/posts\/40020\/revisions\/40082"}],"wp:featuredmedia":[{"embeddable":true,"href":"https:\/\/www.pharmathek.com\/fr\/wp-json\/wp\/v2\/media\/40029"}],"wp:attachment":[{"href":"https:\/\/www.pharmathek.com\/fr\/wp-json\/wp\/v2\/media?parent=40020"}],"wp:term":[{"taxonomy":"category","embeddable":true,"href":"https:\/\/www.pharmathek.com\/fr\/wp-json\/wp\/v2\/categories?post=40020"},{"taxonomy":"post_tag","embeddable":true,"href":"https:\/\/www.pharmathek.com\/fr\/wp-json\/wp\/v2\/tags?post=40020"}],"curies":[{"name":"wp","href":"https:\/\/api.w.org\/{rel}","templated":true}]}}